[{"@context":"https:\/\/schema.org\/","@type":"Article","@id":"https:\/\/www.kabelko.cz\/virtualni-sidlo-pro-vas\/#Article","mainEntityOfPage":"https:\/\/www.kabelko.cz\/virtualni-sidlo-pro-vas\/","headline":"Virtu\u00e1ln\u00ed s\u00eddlo pro v\u00e1s","name":"Virtu\u00e1ln\u00ed s\u00eddlo pro v\u00e1s","description":"Jste osoba samostatn\u011b v\u00fdd\u011ble\u010dn\u011b \u010dinn\u00e1 anebo se chyst\u00e1te b\u00fdt osoba samostatn\u011b v\u00fdd\u011ble\u010dn\u011b \u010dinn\u00e1? Pokud ano, tak pop\u0159em\u00fd\u0161lejte, kde bude va\u0161e s\u00eddlo. M\u016f\u017eete m\u00edt samoz\u0159ejm\u011b i virtu\u00e1ln\u00ed s\u00eddlo. Virtu\u00e1ln\u00ed s\u00eddlo pro OSV\u010c si m\u016f\u017eete prohl\u00e9dnout na webov\u00e9 str\u00e1nce profisidla.cz, kde najdete r\u016fzn\u00e9 slu\u017eby t\u00e9to kancel\u00e1\u0159e. Virtu\u00e1ln\u00ed kancel\u00e1\u0159 je opravdu ekonomick\u00fd zp\u016fsob a modern\u00ed mo\u017enost, kter\u00fd v\u00e1m [&hellip;]","datePublished":"2024-03-19","dateModified":"2024-04-19","author":{"@type":"Person","@id":"https:\/\/www.kabelko.cz\/author\/#Person","name":"","url":"https:\/\/www.kabelko.cz\/author\/","identifier":1,"image":{"@type":"ImageObject","@id":"https:\/\/secure.gravatar.com\/avatar\/b284045843c408c62f17f24f06fc21877cb3f3f5d67c24728f73b54e3c5ca1db?s=96&d=mm&r=g","url":"https:\/\/secure.gravatar.com\/avatar\/b284045843c408c62f17f24f06fc21877cb3f3f5d67c24728f73b54e3c5ca1db?s=96&d=mm&r=g","height":96,"width":96}},"publisher":{"@type":"Organization","name":"kabelko.cz","logo":{"@type":"ImageObject","@id":"\/logo.png","url":"\/logo.png","width":600,"height":60}},"image":{"@type":"ImageObject","@id":"https:\/\/www.kabelko.cz\/wp-content\/uploads\/prague-1119791_1280.jpg","url":"https:\/\/www.kabelko.cz\/wp-content\/uploads\/prague-1119791_1280.jpg","height":0,"width":0},"url":"https:\/\/www.kabelko.cz\/virtualni-sidlo-pro-vas\/","about":["Spole\u010dnosti"],"wordCount":408,"articleBody":"   Jste osoba samostatn\u011b v\u00fdd\u011ble\u010dn\u011b \u010dinn\u00e1 anebo se chyst\u00e1te b\u00fdt osoba samostatn\u011b v\u00fdd\u011ble\u010dn\u011b \u010dinn\u00e1? Pokud ano, tak pop\u0159em\u00fd\u0161lejte, kde bude va\u0161e s\u00eddlo. M\u016f\u017eete m\u00edt samoz\u0159ejm\u011b i virtu\u00e1ln\u00ed s\u00eddlo. Virtu\u00e1ln\u00ed s\u00eddlo pro OSV\u010c si m\u016f\u017eete prohl\u00e9dnout na webov\u00e9 str\u00e1nce profisidla.cz, kde najdete r\u016fzn\u00e9 slu\u017eby t\u00e9to kancel\u00e1\u0159e. Virtu\u00e1ln\u00ed kancel\u00e1\u0159 je opravdu ekonomick\u00fd zp\u016fsob a modern\u00ed mo\u017enost, kter\u00fd v\u00e1m umo\u017en\u00ed finan\u010dn\u00ed \u00faspory. Tak\u017ee u\u0161et\u0159\u00edte pen\u00edze a j\u00e1 si mysl\u00edm, \u017ee ka\u017ed\u00fd \u010dlov\u011bk, a to v\u010detn\u011b i osoby samostatn\u011b v\u00fdd\u011ble\u010dn\u011b \u010dinn\u00e9, tak v\u0161ichni budou r\u00e1di, kdy\u017e u\u0161et\u0159\u00ed pen\u00edze. Tak\u00e9 uspo\u0159\u00edte za administrativu firmy.Virtu\u00e1ln\u00ed kancel\u00e1\u0159 je na takov\u00e9m principu, \u017ee vlastn\u011b m\u00e1te virtu\u00e1ln\u00ed kancel\u00e1\u0159sk\u00e9 prostory. M\u00e1te tam i kancel\u00e1\u0159sk\u00fd person\u00e1l. Pokud budete m\u00edt virtu\u00e1ln\u00ed kancel\u00e1\u0159, tak se m\u016f\u017eete zbavit starost\u00ed se spr\u00e1vou a provozem kancel\u00e1\u0159e, kter\u00fd se spr\u00e1vou a provozem tradi\u010dn\u00ed kancel\u00e1\u0159e je. Vy vlastn\u011b budete m\u00edt tu virtu\u00e1ln\u00ed, co\u017e si mysl\u00edm, \u017ee je velice ekonomick\u00e9. Ale toto virtu\u00e1ln\u00ed s\u00eddlo v\u00e1m tak\u00e9 poskytuje reprezentativnost. Reprezentuje v\u00e1m firmu a je to opravdu p\u0159\u00edjemn\u00e9 m\u00edsto pro jedn\u00e1n\u00ed anebo i jin\u00e9 sch\u016fzky. Je to opravdu ide\u00e1ln\u00edm \u0159e\u0161en\u00edm pro v\u0161echny podnikatele. Kdy\u017e jste \u010dasto mimo domov, na cest\u00e1ch anebo i pracujete doma, tak pr\u00e1v\u011b virtu\u00e1ln\u00ed s\u00eddlo pro OSV\u010c pro v\u00e1s bude opravdu ta nejv\u00edce mo\u017en\u00e1 volba. A je \u00fapln\u011b jedno, jestli pot\u0159ebujete m\u00edt opravdu st\u00e1lou kancel\u00e1\u0159 anebo pouze jenom kr\u00e1tkodobou kancel\u00e1\u0159. Poskytuj\u00ed profesion\u00e1ln\u00ed s\u00eddlo anebo i profesion\u00e1ln\u00ed m\u00edsto spole\u010dnosti. V posledn\u00ed dob\u011b jsou tyto slu\u017eby virtu\u00e1ln\u00ed kancel\u00e1\u0159e velice \u017e\u00e1dan\u00e9. Maj\u00ed opravdu obl\u00edben\u00fd servis, t\u00e9m\u011b\u0159 kompletn\u00ed servis. Pokud chcete v\u011bd\u011bt v\u00edce informac\u00ed, tak se pod\u00edvejte na zm\u00edn\u011bn\u00e9 webov\u00e9 str\u00e1nky, kde se dozv\u00edte v\u00edce informac\u00ed. V\u017edycky je nejlep\u0161\u00ed toho v\u011bd\u011bt v\u00edce ne\u017e potom bre\u010det nad rozlit\u00fdm ml\u00e9kem. A pokud se jedn\u00e1 o virtu\u00e1ln\u00ed s\u00eddlo pro osoby samostatn\u011b v\u00fdd\u011ble\u010dn\u011b \u010dinn\u00e9, tak to plat\u00ed dvojn\u00e1sob.                                                                                                                                                                                                                                                                                                                                                                                           5\/5 - (1 vote)        "},{"@context":"https:\/\/schema.org\/","@type":"BreadcrumbList","itemListElement":[{"@type":"ListItem","position":1,"name":"Virtu\u00e1ln\u00ed s\u00eddlo pro v\u00e1s","item":"https:\/\/www.kabelko.cz\/virtualni-sidlo-pro-vas\/#breadcrumbitem"}]}]