[{"@context":"https:\/\/schema.org\/","@type":"Article","@id":"https:\/\/www.kabelko.cz\/ve-skole\/#Article","mainEntityOfPage":"https:\/\/www.kabelko.cz\/ve-skole\/","headline":"Ve \u0161kole","name":"Ve \u0161kole","description":"V\u017edycky si pamatuji, jak jsme se m\u011bli ve \u0161kole u\u010dit r\u016fzn\u00e9 b\u00e1sni\u010dky o r\u016fzn\u00e9 d\u00e9lce na recita\u010dn\u00ed sout\u011b\u017e https:\/\/www.zonaumeni.cz\/souteze-a-prehlidky. N\u011bkdy m\u011bly b\u00fdt dlouh\u00e9, n\u011bkdy kr\u00e1tk\u00e9. Jen\u017ee v\u017edycky m\u011b to n\u011bjak\u00fdm zp\u016fsobem iritovalo. Vlastn\u011b jsem ani necht\u011bla se \u017e\u00e1dnou u\u010dit. Jen\u017ee kdybych se ji nenau\u010dila, dostala bych \u0161patnou zn\u00e1mku. Tak\u017ee jsem se v\u017edycky n\u011bjakou nau\u010dila a [&hellip;]","datePublished":"2024-03-17","dateModified":"2024-03-17","author":{"@type":"Person","@id":"https:\/\/www.kabelko.cz\/author\/#Person","name":"","url":"https:\/\/www.kabelko.cz\/author\/","identifier":1,"image":{"@type":"ImageObject","@id":"https:\/\/secure.gravatar.com\/avatar\/b284045843c408c62f17f24f06fc21877cb3f3f5d67c24728f73b54e3c5ca1db?s=96&d=mm&r=g","url":"https:\/\/secure.gravatar.com\/avatar\/b284045843c408c62f17f24f06fc21877cb3f3f5d67c24728f73b54e3c5ca1db?s=96&d=mm&r=g","height":96,"width":96}},"publisher":{"@type":"Organization","name":"kabelko.cz","logo":{"@type":"ImageObject","@id":"\/logo.png","url":"\/logo.png","width":600,"height":60}},"image":{"@type":"ImageObject","@id":"https:\/\/www.kabelko.cz\/wp-content\/uploads\/pexels-cottonbro-studio-4722575_1.jpg","url":"https:\/\/www.kabelko.cz\/wp-content\/uploads\/pexels-cottonbro-studio-4722575_1.jpg","height":0,"width":0},"url":"https:\/\/www.kabelko.cz\/ve-skole\/","about":["Spole\u010dnosti"],"wordCount":465,"articleBody":"   V\u017edycky si pamatuji, jak jsme se m\u011bli ve \u0161kole u\u010dit r\u016fzn\u00e9 b\u00e1sni\u010dky o r\u016fzn\u00e9 d\u00e9lce na recita\u010dn\u00ed sout\u011b\u017e https:\/\/www.zonaumeni.cz\/souteze-a-prehlidky. N\u011bkdy m\u011bly b\u00fdt dlouh\u00e9, n\u011bkdy kr\u00e1tk\u00e9. Jen\u017ee v\u017edycky m\u011b to n\u011bjak\u00fdm zp\u016fsobem iritovalo. Vlastn\u011b jsem ani necht\u011bla se \u017e\u00e1dnou u\u010dit. Jen\u017ee kdybych se ji nenau\u010dila, dostala bych \u0161patnou zn\u00e1mku. Tak\u017ee jsem se v\u017edycky n\u011bjakou nau\u010dila a p\u0159ed\u0159\u00edkala ji p\u0159ed tabul\u00ed, i kdy\u017e m\u011b to v\u016fbec nebavilo a vlastn\u011b jsem i m\u011bla tr\u00e9mu \u0159\u00edkat n\u011bjakou b\u00e1sni\u010dku p\u0159ed sv\u00fdmi spolu\u017e\u00e1ky. Zato se zp\u011bvem to bylo \u00fapln\u011b jinak. Ale o \u00fa\u010dast v recita\u010dn\u00ed sout\u011b\u017ei jsem ani moc nest\u00e1la. Celkov\u011b jsem rad\u011bji d\u011blala \u00fapln\u011b jin\u00e9 v\u011bci, ne\u017e recitovala. Ale mus\u00edm uznat, \u017ee jsem ve t\u0159\u00edd\u011b m\u011bla i spolu\u017e\u00e1ky, kte\u0159\u00ed um\u011bli n\u00e1dhern\u011b recitovat a m\u011bli i n\u00e1dhern\u00fd p\u0159ednes. Ob\u010das jsem jim z\u00e1vid\u011bla, \u017ee z b\u00e1sni\u010dky nezapomn\u011bli ani jedin\u00e9 slovo a um\u011bli ji fakt dost hezky odrecitovat. Ale tak na druhou stranu \u2013 ka\u017ed\u00fd um\u00ed n\u011bco jin\u00e9ho a ka\u017ed\u00fd vynik\u00e1 v n\u011b\u010dem jin\u00e9m a nem\u016f\u017eou v\u0161ichni um\u011bt v\u0161echno, to by sv\u011bt byl docela nudn\u00fd. Tak\u017ee jsem se v\u017edycky dr\u017eela toho, co m\u011b bavilo, a to byl zp\u011bv. Zp\u011bv bylo n\u011bco, co m\u011b v\u017edycky vnit\u0159n\u011b napl\u0148ovalo a \u0161lo mi to. Shodou okolnost\u00ed v rodin\u011b m\u00e1m sam\u00e9 muzikanty, kte\u0159\u00ed zp\u00edvaj\u00ed a hraj\u00ed na n\u011bjak\u00e9 hudebn\u00ed n\u00e1stroje, tak\u017ee jsem se v\u011bnovala tomuhle.Prvn\u011b jsem jenom zp\u00edvala a jezdila po r\u016fzn\u00fdch sout\u011b\u017e\u00edch a potom jsem ke zp\u011bvu p\u0159idala je\u0161t\u011b i klav\u00edr. A nejv\u00edce m\u011b samoz\u0159ejm\u011b bavilo se u\u010dit p\u00edsni\u010dky, kter\u00e9 jsem i zp\u00edvala. A nebylo to pro m\u011b v\u016fbec t\u011b\u017ek\u00e9, tak\u017ee jsem se brzo nau\u010dila z\u00e1rove\u0148 zp\u00edvat, a i samu sebe doprov\u00e1zet. A byla jsem na sebe fakt py\u0161n\u00e1, \u017ee jsem se to nau\u010dila a \u017ee mi to \u0161lo. Ne ka\u017ed\u00fd toti\u017e o sob\u011b m\u016f\u017ee \u0159\u00edct, \u017ee n\u011bco takov\u00e9ho um\u00ed. Ale a\u0165 u\u017e m\u00e1te jak\u00fdkoliv talent, m\u011bli byste na sebe b\u00fdt py\u0161n\u00ed a nepodce\u0148ovat se. Ka\u017ed\u00fd \u010dlov\u011bk by si m\u011bl v\u011b\u0159it a m\u00edt s\u00e1m sebe r\u00e1d takov\u00e9ho, jak\u00fd je a potom uvid\u00edte, \u017ee ten \u017eivot bude o n\u011bco leh\u010d\u00ed.                                                                                                                                                                                                                                                                                                                                                                                          3.5\/5 - (6 votes)        "},{"@context":"https:\/\/schema.org\/","@type":"BreadcrumbList","itemListElement":[{"@type":"ListItem","position":1,"name":"Ve \u0161kole","item":"https:\/\/www.kabelko.cz\/ve-skole\/#breadcrumbitem"}]}]