[{"@context":"https:\/\/schema.org\/","@type":"Article","@id":"https:\/\/www.kabelko.cz\/umele-kvetiny-jsou-nekdy-k-nerozeznani-od-pravych\/#Article","mainEntityOfPage":"https:\/\/www.kabelko.cz\/umele-kvetiny-jsou-nekdy-k-nerozeznani-od-pravych\/","headline":"Um\u011bl\u00e9 kv\u011btiny jsou n\u011bkdy k nerozezn\u00e1n\u00ed od prav\u00fdch","name":"Um\u011bl\u00e9 kv\u011btiny jsou n\u011bkdy k nerozezn\u00e1n\u00ed od prav\u00fdch","description":"Sou\u010dasn\u00e1 v\u00fdroba um\u011bl\u00fdch kv\u011btin je ji\u017e na takov\u00e9 \u00farovni, \u017ee mnohdy tyto v\u00fdrobky nerozezn\u00e1te od skute\u010dn\u00fdch \u017eiv\u00fdch, a jedin\u00fdm vod\u00edtkem b\u00fdv\u00e1 energie, kterou \u017eiv\u00e9 organismy vyza\u0159uj\u00ed. Citliv\u00ed lid\u00e9 dob\u0159e energie vn\u00edmaj\u00ed zejm\u00e9na v lesn\u00edm porostu nebo p\u0159i n\u00e1v\u0161t\u011bv\u00e1ch botanick\u00fdch zahrad, kde se vyskytuje velk\u00e9 mno\u017estv\u00ed rostlin na mal\u00e9 plo\u0161e. Kladete si ot\u00e1zku, pro\u010d se vlastn\u011b [&hellip;]","datePublished":"2023-06-02","dateModified":"2023-08-02","author":{"@type":"Person","@id":"https:\/\/www.kabelko.cz\/author\/#Person","name":"","url":"https:\/\/www.kabelko.cz\/author\/","identifier":1,"image":{"@type":"ImageObject","@id":"https:\/\/secure.gravatar.com\/avatar\/b284045843c408c62f17f24f06fc21877cb3f3f5d67c24728f73b54e3c5ca1db?s=96&d=mm&r=g","url":"https:\/\/secure.gravatar.com\/avatar\/b284045843c408c62f17f24f06fc21877cb3f3f5d67c24728f73b54e3c5ca1db?s=96&d=mm&r=g","height":96,"width":96}},"publisher":{"@type":"Organization","name":"kabelko.cz","logo":{"@type":"ImageObject","@id":"\/logo.png","url":"\/logo.png","width":600,"height":60}},"image":{"@type":"ImageObject","@id":"https:\/\/www.kabelko.cz\/wp-content\/uploads\/orchidea-4924930_640.jpg","url":"https:\/\/www.kabelko.cz\/wp-content\/uploads\/orchidea-4924930_640.jpg","height":0,"width":0},"url":"https:\/\/www.kabelko.cz\/umele-kvetiny-jsou-nekdy-k-nerozeznani-od-pravych\/","about":["Auto moto"],"wordCount":422,"articleBody":"   Sou\u010dasn\u00e1 v\u00fdroba um\u011bl\u00fdch kv\u011btin je ji\u017e na takov\u00e9 \u00farovni, \u017ee mnohdy tyto v\u00fdrobky nerozezn\u00e1te od skute\u010dn\u00fdch \u017eiv\u00fdch, a jedin\u00fdm vod\u00edtkem b\u00fdv\u00e1 energie, kterou \u017eiv\u00e9 organismy vyza\u0159uj\u00ed. Citliv\u00ed lid\u00e9 dob\u0159e energie vn\u00edmaj\u00ed zejm\u00e9na v lesn\u00edm porostu nebo p\u0159i n\u00e1v\u0161t\u011bv\u00e1ch botanick\u00fdch zahrad, kde se vyskytuje velk\u00e9 mno\u017estv\u00ed rostlin na mal\u00e9 plo\u0161e.Kladete si ot\u00e1zku, pro\u010d se vlastn\u011b um\u011bl\u00e9 magn\u00f3lie https:\/\/www.lepaso.cz\/Magnolie-c12_772_4.htm, orchideje, r\u016f\u017ee, tulip\u00e1ny a dal\u0161\u00ed rostliny vyr\u00e1b\u00ed, kdy\u017e nemohou nahradit ty \u017eiv\u00e9? Kam se hod\u00ed um\u011bl\u00e1 kv\u011btina a kdy ji d\u00e1t p\u0159ednost p\u0159ed \u017eivou?Tmav\u00e9 kouty \u2013 jak o\u017eivit \u0161kared\u00fd tmav\u00fd kout, kdy\u017e v\u00e1m tu ka\u017ed\u00e1 \u017eiv\u00e1 rostlina ze\u017eloutne a uvadne? S\u00e1hn\u011bte po t\u00e9 um\u011bl\u00e9, je to jen v\u00fdrobek z plastick\u00e9 hmoty, nemus\u00edte m\u00edt obavy, \u017ee by tu nep\u0159e\u017eil. A mo\u017en\u00e1, \u017ee se p\u0159istihnete, \u017ee byste cht\u011bli um\u011blou rostlinu zal\u00e9vat, v\u011bt\u0161ina z nich vypad\u00e1 jako \u017eiv\u00e1 a toto nab\u00e1d\u00e1 k ur\u010dit\u00e9 starostlivosti.D\u011btsk\u00e9 pokoje \u2013 mnoh\u00e9 d\u011bti dovedou ve sv\u00e9 rozvernosti shodit kv\u011btin\u00e1\u010d nebo v\u00e1zu, rozl\u00edt na podlahu vodu a kv\u011btinu natolik pol\u00e1mat, \u017ee ji m\u016f\u017eete vyhodit. Proto se do d\u011btsk\u00fdch pokoj\u016f jako dekorace hod\u00ed sp\u00ed\u0161e rostliny z plastu, kter\u00fdm se po p\u00e1du na zem nestane nic.Zahradn\u00ed terasy \u2013 n\u011bkter\u00e9 um\u011bl\u00e9 ke\u0159e a rostliny vy\u0161\u0161\u00edho vzr\u016fstu jsou velmi dekorativn\u00ed a mohou n\u00e1dhern\u011b zdobit terasy a balkony. Kup\u0159\u00edkladu buxus vypad\u00e1 jako \u017eiv\u00fd, anebo ficus benjamina, tyto ke\u0159e m\u016f\u017eete ponechat venku za ka\u017ed\u00e9ho po\u010das\u00ed, a i kdybyste na n\u011b zapomn\u011bli v zim\u011b v pr\u016fb\u011bhu mraziv\u00e9ho dne, nic se jim nestane.Oslavy \u2013 um\u011bl\u00e9 kv\u011btiny se b\u00e1je\u010dn\u011b hod\u00ed k r\u016fzn\u00fdm slavnostn\u00edm p\u0159\u00edle\u017eitostem, jako jsou svatby nebo kulat\u00e9 narozeniny. Nemus\u00edte m\u00edt pak obavu z toho, \u017ee by pozvan\u00ed host\u00e9 kv\u011btiny po\u0161kodili, um\u011bl\u00e1 rostlina p\u0159e\u017eije i hrub\u0161\u00ed zach\u00e1zen\u00ed a vyzdob\u00ed ka\u017ed\u00fd kout prostoru v\u010detn\u011b m\u00edst, kde by velmi rychle \u017eiv\u00e9 rostliny postihla zk\u00e1za, jako nap\u0159\u00edklad v pr\u016fvanu, na p\u0159\u00edm\u00e9m slunci, na siln\u011bj\u0161\u00edm de\u0161ti \u010di v pra\u0161n\u00e9m prost\u0159ed\u00ed.                                                                                                                                                                                                                                                                                                                                                                                          4.2\/5 - (8 votes)        "},{"@context":"https:\/\/schema.org\/","@type":"BreadcrumbList","itemListElement":[{"@type":"ListItem","position":1,"name":"Um\u011bl\u00e9 kv\u011btiny jsou n\u011bkdy k nerozezn\u00e1n\u00ed od prav\u00fdch","item":"https:\/\/www.kabelko.cz\/umele-kvetiny-jsou-nekdy-k-nerozeznani-od-pravych\/#breadcrumbitem"}]}]