[{"@context":"https:\/\/schema.org\/","@type":"Article","@id":"https:\/\/www.kabelko.cz\/udelejte-si-radost-i-vy\/#Article","mainEntityOfPage":"https:\/\/www.kabelko.cz\/udelejte-si-radost-i-vy\/","headline":"Ud\u011blejte si radost i Vy","name":"Ud\u011blejte si radost i Vy","description":"Pomalu, ale jist\u011b se bl\u00ed\u017e\u00ed podzim a s n\u00edm chladn\u00e9 po\u010das\u00ed, kter\u00e9 si p\u0159\u00edmo \u0159\u00edk\u00e1 o po\u0159\u00edzen\u00ed nov\u00e9ho sez\u00f3nn\u00edho kousku, zejm\u00e9na n\u011bkter\u00e9 z vysoce m\u00f3dn\u00edch d\u00e1msk\u00fdch bund. A\u0165 u\u017e v\u00edte p\u0159esn\u011b, co chcete, nebo se jen poohl\u00ed\u017e\u00edte po kousku, kter\u00fd V\u00e1s zkr\u00e1tka zaujme na prvn\u00ed pohled, u n\u00e1s si jist\u011b vyberete. S ko\u017e\u00ed\u0161kem, kter\u00fd dokonale [&hellip;]","datePublished":"2024-12-20","dateModified":"2024-12-20","author":{"@type":"Person","@id":"https:\/\/www.kabelko.cz\/author\/#Person","name":"","url":"https:\/\/www.kabelko.cz\/author\/","identifier":1,"image":{"@type":"ImageObject","@id":"https:\/\/secure.gravatar.com\/avatar\/b284045843c408c62f17f24f06fc21877cb3f3f5d67c24728f73b54e3c5ca1db?s=96&d=mm&r=g","url":"https:\/\/secure.gravatar.com\/avatar\/b284045843c408c62f17f24f06fc21877cb3f3f5d67c24728f73b54e3c5ca1db?s=96&d=mm&r=g","height":96,"width":96}},"publisher":{"@type":"Organization","name":"kabelko.cz","logo":{"@type":"ImageObject","@id":"\/logo.png","url":"\/logo.png","width":600,"height":60}},"url":"https:\/\/www.kabelko.cz\/udelejte-si-radost-i-vy\/","wordCount":168,"articleBody":"Pomalu, ale jist\u011b se bl\u00ed\u017e\u00ed podzim a s n\u00edm chladn\u00e9 po\u010das\u00ed, kter\u00e9 si p\u0159\u00edmo \u0159\u00edk\u00e1 o po\u0159\u00edzen\u00ed nov\u00e9ho sez\u00f3nn\u00edho kousku, zejm\u00e9na n\u011bkter\u00e9 z vysoce m\u00f3dn\u00edch d\u00e1msk\u00fdch bund. A\u0165 u\u017e v\u00edte p\u0159esn\u011b, co chcete, nebo se jen poohl\u00ed\u017e\u00edte po kousku, kter\u00fd V\u00e1s zkr\u00e1tka zaujme na prvn\u00ed pohled, u n\u00e1s si jist\u011b vyberete. S ko\u017e\u00ed\u0161kem, kter\u00fd dokonale zah\u0159eje za mraziv\u00fdch zimn\u00edch dn\u016f nebo s kapuc\u00ed, kter\u00e1 V\u00e1s ochr\u00e1n\u00ed p\u0159ed podzimn\u00edmi de\u0161t\u00edky \u2013 z\u00e1le\u017e\u00ed jen na V\u00e1s. Ide\u00e1ln\u00ed kombinace pro ka\u017edou p\u0159\u00edle\u017eitost Pokud jste milovnice nejnov\u011bj\u0161\u00edch m\u00f3dn\u00edch trend\u016f, nesm\u00ed ve Va\u0161em \u0161atn\u00edku rozhodn\u011b chyb\u011bt n\u011bkter\u00e1 ze stylov\u00fdch bund. Kvalitn\u00ed materi\u00e1l a neot\u0159el\u00fd styl \u2013 pr\u00e1v\u011b to se v nich snoub\u00ed a vytv\u00e1\u0159\u00ed tak jedine\u010dnou kombinaci pohodl\u00ed a estetiky, kterou ocen\u00ed ka\u017ed\u00e1 \u017eena.                                                                                                                                                                                                                                                                                                                                                                                        5\/5 - (1 vote)        "},{"@context":"https:\/\/schema.org\/","@type":"BreadcrumbList","itemListElement":[{"@type":"ListItem","position":1,"name":"Ud\u011blejte si radost i Vy","item":"https:\/\/www.kabelko.cz\/udelejte-si-radost-i-vy\/#breadcrumbitem"}]}]