[{"@context":"https:\/\/schema.org\/","@type":"Article","@id":"https:\/\/www.kabelko.cz\/stante-se-profesionalem-v-hodnoceni-pracovniku\/#Article","mainEntityOfPage":"https:\/\/www.kabelko.cz\/stante-se-profesionalem-v-hodnoceni-pracovniku\/","headline":"Sta\u0148te se profesion\u00e1lem v hodnocen\u00ed pracovn\u00edk\u016f","name":"Sta\u0148te se profesion\u00e1lem v hodnocen\u00ed pracovn\u00edk\u016f","description":"Jste \u010dlenem vy\u0161\u0161\u00edho managementu? M\u00e1te vytvo\u0159en\u00fd sv\u016fj t\u00fdm? Pracuje V\u00e1\u0161 t\u00fdm s optim\u00e1ln\u00edm nasazen\u00edm? Va\u0161e v\u00fdsledky jsou p\u0159ijateln\u00e9? Pak svou pr\u00e1ci d\u011bl\u00e1te opravdu zodpov\u011bdn\u011b. Ale pokud V\u00e1\u0161 t\u00fdm naopak setrv\u00e1v\u00e1 v tak zvan\u00fdch \u010derven\u00fdch \u010d\u00edslech? V\u00edte, kdo m\u00e1 velk\u00fd, mo\u017en\u00e1 jedin\u00fd pod\u00edl na t\u011bchto v\u00fdsledc\u00edch? Ano, je to Va\u0161e \u0159\u00edd\u00edc\u00ed pr\u00e1ce. Jestli\u017ee jste ochoten p\u0159iznat [&hellip;]","datePublished":"2024-12-11","dateModified":"2024-12-11","author":{"@type":"Person","@id":"https:\/\/www.kabelko.cz\/author\/#Person","name":"","url":"https:\/\/www.kabelko.cz\/author\/","identifier":1,"image":{"@type":"ImageObject","@id":"https:\/\/secure.gravatar.com\/avatar\/b284045843c408c62f17f24f06fc21877cb3f3f5d67c24728f73b54e3c5ca1db?s=96&d=mm&r=g","url":"https:\/\/secure.gravatar.com\/avatar\/b284045843c408c62f17f24f06fc21877cb3f3f5d67c24728f73b54e3c5ca1db?s=96&d=mm&r=g","height":96,"width":96}},"publisher":{"@type":"Organization","name":"kabelko.cz","logo":{"@type":"ImageObject","@id":"\/logo.png","url":"\/logo.png","width":600,"height":60}},"url":"https:\/\/www.kabelko.cz\/stante-se-profesionalem-v-hodnoceni-pracovniku\/","wordCount":245,"articleBody":"Jste \u010dlenem vy\u0161\u0161\u00edho managementu? M\u00e1te vytvo\u0159en\u00fd sv\u016fj t\u00fdm? Pracuje V\u00e1\u0161 t\u00fdm s optim\u00e1ln\u00edm nasazen\u00edm? Va\u0161e v\u00fdsledky jsou p\u0159ijateln\u00e9? Pak svou pr\u00e1ci d\u011bl\u00e1te opravdu zodpov\u011bdn\u011b. Ale pokud V\u00e1\u0161 t\u00fdm naopak setrv\u00e1v\u00e1 v tak zvan\u00fdch \u010derven\u00fdch \u010d\u00edslech? V\u00edte, kdo m\u00e1 velk\u00fd, mo\u017en\u00e1 jedin\u00fd pod\u00edl na t\u011bchto v\u00fdsledc\u00edch? Ano, je to Va\u0161e \u0159\u00edd\u00edc\u00ed pr\u00e1ce. Jestli\u017ee jste ochoten p\u0159iznat si sv\u00e9 nedostatky, jde o velk\u00fd krok k tomu, abyste se stali profesion\u00e1ly v jednotliv\u00fdch slo\u017ek\u00e1ch p\u0159i veden\u00ed a \u0159\u00edzen\u00ed t\u00fdmu. Hodnocen\u00ed pracovn\u00edk\u016f zvl\u00e1d\u00e1te? Ale o to p\u0159ece jde Jde p\u0159ece o to, jak zv\u00fd\u0161it v\u00fdkonnost Va\u0161eho t\u00fdmu. Pr\u00e1v\u011b spr\u00e1vn\u00fdm veden\u00ed, vyty\u010den\u00edm dosa\u017eiteln\u00fdch c\u00edl\u016f, pravidelnou kontrolou a hlavn\u011b zp\u011btnou vazbou v\u00fdkonnost zajist\u00edte. M\u00e1te dob\u0159e propracovan\u00fd komunika\u010dn\u00ed tok se \u010dleny sv\u00e9ho t\u00fdmu? Diskutujete, prov\u00e1d\u00edte pohovory se \u010dleny t\u00fdmu? Jestli si mysl\u00edte, \u017ee nen\u00ed \u010das na \u0159e\u010di, pak nikdy nem\u016f\u017eete dos\u00e1hnout v\u00fdsledk\u016f, kter\u00e9 se od Va\u0161eho t\u00fdmu o\u010dek\u00e1vaj\u00ed. Zkuste se p\u0159ihl\u00e1sit na n\u011bjak\u00fd kurz pro mana\u017eery a zapojte svou osobnost. Jde p\u0159ece o efektivn\u00ed \u0159\u00edzen\u00ed t\u00fdmu. Nau\u010dte se to.                                                                                                                                                                                                                                                                                                                                                                                        5\/5 - (1 vote)        "},{"@context":"https:\/\/schema.org\/","@type":"BreadcrumbList","itemListElement":[{"@type":"ListItem","position":1,"name":"Sta\u0148te se profesion\u00e1lem v hodnocen\u00ed pracovn\u00edk\u016f","item":"https:\/\/www.kabelko.cz\/stante-se-profesionalem-v-hodnoceni-pracovniku\/#breadcrumbitem"}]}]