[{"@context":"https:\/\/schema.org\/","@type":"Article","@id":"https:\/\/www.kabelko.cz\/sport-na-podzim-zmeny-se-kterymi-se-v-lete-nesetkate\/#Article","mainEntityOfPage":"https:\/\/www.kabelko.cz\/sport-na-podzim-zmeny-se-kterymi-se-v-lete-nesetkate\/","headline":"Sport na podzim: zm\u011bny, se kter\u00fdmi se v l\u00e9t\u011b nesetk\u00e1te","name":"Sport na podzim: zm\u011bny, se kter\u00fdmi se v l\u00e9t\u011b nesetk\u00e1te","description":"Je nutn\u00e9 si p\u0159iznat, \u017ee do na\u0161\u00ed krajiny se pomalu, ale jist\u011b vkr\u00e1d\u00e1 podzim. Zat\u00edm sice slune\u010dn\u00ed paprsky st\u00e1le sv\u00edt\u00ed a teplota v ulic\u00edch se sni\u017euje jen velmi m\u00edrn\u011b, pravdou v\u0161ak z\u016fst\u00e1v\u00e1, \u017ee slunci doch\u00e1z\u00ed s\u00edla a za obzor zach\u00e1z\u00ed p\u0159ece jen o n\u011bco d\u0159\u00edve. A klasick\u00e1 letn\u00ed parna \u010dlov\u011bk k bl\u00ed\u017e\u00edc\u00edmu se konci z\u00e1\u0159\u00ed [&hellip;]","datePublished":"2023-08-21","dateModified":"2023-09-21","author":{"@type":"Person","@id":"https:\/\/www.kabelko.cz\/author\/#Person","name":"","url":"https:\/\/www.kabelko.cz\/author\/","identifier":1,"image":{"@type":"ImageObject","@id":"https:\/\/secure.gravatar.com\/avatar\/b284045843c408c62f17f24f06fc21877cb3f3f5d67c24728f73b54e3c5ca1db?s=96&d=mm&r=g","url":"https:\/\/secure.gravatar.com\/avatar\/b284045843c408c62f17f24f06fc21877cb3f3f5d67c24728f73b54e3c5ca1db?s=96&d=mm&r=g","height":96,"width":96}},"publisher":{"@type":"Organization","name":"kabelko.cz","logo":{"@type":"ImageObject","@id":"\/logo.png","url":"\/logo.png","width":600,"height":60}},"image":{"@type":"ImageObject","@id":"https:\/\/www.kabelko.cz\/wp-content\/uploads\/pexels-photo-4429104.jpeg","url":"https:\/\/www.kabelko.cz\/wp-content\/uploads\/pexels-photo-4429104.jpeg","height":0,"width":0},"url":"https:\/\/www.kabelko.cz\/sport-na-podzim-zmeny-se-kterymi-se-v-lete-nesetkate\/","about":["Zbo\u017e\u00ed"],"wordCount":441,"articleBody":"   Je nutn\u00e9 si p\u0159iznat, \u017ee do na\u0161\u00ed krajiny se pomalu, ale jist\u011b vkr\u00e1d\u00e1 podzim. Zat\u00edm sice slune\u010dn\u00ed paprsky st\u00e1le sv\u00edt\u00ed a teplota v ulic\u00edch se sni\u017euje jen velmi m\u00edrn\u011b, pravdou v\u0161ak z\u016fst\u00e1v\u00e1, \u017ee slunci doch\u00e1z\u00ed s\u00edla a za obzor zach\u00e1z\u00ed p\u0159ece jen o n\u011bco d\u0159\u00edve. A klasick\u00e1 letn\u00ed parna \u010dlov\u011bk k bl\u00ed\u017e\u00edc\u00edmu se konci z\u00e1\u0159\u00ed tak\u00e9 jen t\u011b\u017eko pohled\u00e1. Pravdou tedy je, \u017ee doba, kdy stromy za\u010dnou na zem shazovat sv\u00e9 star\u00e9 barevn\u00e9 listy, doba, kdy sv\u011btla v ulic\u00edch bude st\u00e1le ub\u00fdvat a teploty pomalu za\u010dnou klesat dol\u016f, a nakonec tak\u00e9 doba, kter\u00e1 bude sv\u011btlo z ulic kr\u00e1st tak dlouho, a\u017e slunce nam\u00edsto t\u00e9m\u011b\u0159 cel\u00fd den vysvitne jen na p\u00e1r hodin, je skute\u010dn\u011b tady.Pokud v\u00e1s v\u0161ak v tuto chv\u00edli divn\u011b bol\u00ed u srdce a p\u0159epad\u00e1 smutek, proto\u017ee se l\u00e9ta nechcete vzd\u00e1t, m\u016f\u017eete tuto bolest porazit i jinak ne\u017e pouh\u00fdm smutn\u011bn\u00edm a konzumov\u00e1n\u00edm obrovsk\u00fdch d\u00e1vek sladk\u00fdch dobrot. Pro n\u011bkter\u00e9 jedince je ide\u00e1ln\u00ed pr\u00e1v\u011b sport! A v\u011b\u0159te tomu nebo ne, ale sportem v podzimn\u00edch m\u011bs\u00edc\u00edch si zejm\u00e9na ve venkovn\u00edm prost\u0159ed\u00ed, kter\u00e9mu se v tomto \u010dl\u00e1nku budeme v\u011bnovat, m\u016f\u017eete tak\u00e9 po\u0159\u00e1dn\u011b zlep\u0161it den. Od letn\u00edch veder se podzimn\u00ed dny odli\u0161uj\u00ed toti\u017e mnohem chladn\u011bj\u0161\u00edm, a pro provozov\u00e1n\u00ed fyzick\u00fdch aktivit tedy p\u0159\u00edjemn\u011bj\u0161\u00edm po\u010das\u00edm, ve kter\u00e9m se v\u00e1m hned bude dosahovat c\u00edl\u016f mnohem l\u00e9pe. Nezapom\u00ednejte se v\u0161ak do takov\u00fdch podm\u00ednek po\u0159\u00e1dn\u011b obl\u00e9ct a zvolit kvalitn\u00ed sportovn\u00ed outfit slo\u017een\u00fd jen z t\u011bch nejlep\u0161\u00edch kousk\u016f (t\u0159eba se v\u00e1m bude hodit tip na zna\u010dku Kari traa C-store.cz &#8211; ta je toti\u017e na sportovn\u00ed kousky p\u0159\u00edmo zam\u011b\u0159ena). Podzimn\u00ed po\u010das\u00ed tak\u00e9 z v\u0161emo\u017en\u00fdch m\u00edst pro provozov\u00e1n\u00ed pohybov\u00fdch \u010dinnost\u00ed vy\u017eene takov\u00e9 jedince, kte\u0159\u00ed se zm\u011bny po\u010das\u00ed zaleknou a nam\u00edsto sportu daj\u00ed p\u0159ednost rad\u011bji odpoledni p\u0159ed televiz\u00ed nebo k\u00e1v\u011b s p\u0159\u00e1teli. Budete si tak moci u\u017e\u00edt lidupr\u00e1zdnou krajinu a v klidu se pono\u0159it do sv\u00fdch my\u0161lenek, je\u017e nebudou ni\u010d\u00edm ru\u0161eny a soust\u0159edit se na pohyb ka\u017ed\u00e9 \u010d\u00e1sti va\u0161eho t\u011bla. No \u0159ekn\u011bte, nestoj\u00ed ten podzim nakonec za to?                                                                                                                                                                                                                                                                                                                                                                                          5\/5 - (3 votes)        "},{"@context":"https:\/\/schema.org\/","@type":"BreadcrumbList","itemListElement":[{"@type":"ListItem","position":1,"name":"Sport na podzim: zm\u011bny, se kter\u00fdmi se v l\u00e9t\u011b nesetk\u00e1te","item":"https:\/\/www.kabelko.cz\/sport-na-podzim-zmeny-se-kterymi-se-v-lete-nesetkate\/#breadcrumbitem"}]}]