[{"@context":"https:\/\/schema.org\/","@type":"Article","@id":"https:\/\/www.kabelko.cz\/proc-se-zivotni-styl-v-ruznych-zemich-lisi\/#Article","mainEntityOfPage":"https:\/\/www.kabelko.cz\/proc-se-zivotni-styl-v-ruznych-zemich-lisi\/","headline":"Pro\u010d se \u017eivotn\u00ed styl v r\u016fzn\u00fdch zem\u00edch li\u0161\u00ed?","name":"Pro\u010d se \u017eivotn\u00ed styl v r\u016fzn\u00fdch zem\u00edch li\u0161\u00ed?","description":"Nemus&Atilde;&shy;te b&Atilde;&frac12;t zrovna velc&Atilde;&shy; cestovatel&Atilde;&copy;, abyste v&Auml;&#8250;d&Auml;&#8250;li, &Aring;&frac34;e se r&Aring;&macr;zn&Atilde;&copy; zem&Auml;&#8250; od sebe li&Aring;&iexcl;&Atilde;&shy;, a to jak svou kulturou a zvyky, tak i &Aring;&frac34;ivotn&Atilde;&shy;m stylem, kter&Atilde;&frac12; je tam b&Auml;&#8250;&Aring;&frac34;n&Atilde;&frac12;. To je n&Auml;&#8250;co, co bereme t&Atilde;&copy;m&Auml;&#8250;&Aring;&#8482; jako samoz&Aring;&#8482;ejmost. Proto se tak&Atilde;&copy; p&Aring;&#8482;&Atilde;&shy;li&Aring;&iexcl; nezam&Atilde;&frac12;&Aring;&iexcl;l&Atilde;&shy;me nad t&Atilde;&shy;m, &Auml;&Atilde;&shy;m je to zp&Aring;&macr;sobeno. P&Aring;&#8482;&Atilde;&shy;&Auml;iny tohoto jevu jsou v&Aring;&iexcl;ak pom&Auml;&#8250;rn&Auml;&#8250; zaj&Atilde;&shy;mav&Atilde;&copy;. [&hellip;]","datePublished":"2022-12-28","dateModified":"2023-09-29","author":{"@type":"Person","@id":"https:\/\/www.kabelko.cz\/author\/#Person","name":"","url":"https:\/\/www.kabelko.cz\/author\/","identifier":1,"image":{"@type":"ImageObject","@id":"https:\/\/secure.gravatar.com\/avatar\/b284045843c408c62f17f24f06fc21877cb3f3f5d67c24728f73b54e3c5ca1db?s=96&d=mm&r=g","url":"https:\/\/secure.gravatar.com\/avatar\/b284045843c408c62f17f24f06fc21877cb3f3f5d67c24728f73b54e3c5ca1db?s=96&d=mm&r=g","height":96,"width":96}},"publisher":{"@type":"Organization","name":"kabelko.cz","logo":{"@type":"ImageObject","@id":"\/logo.png","url":"\/logo.png","width":600,"height":60}},"image":{"@type":"ImageObject","@id":"https:\/\/www.kabelko.cz\/wp-content\/uploads\/zivstyl1_5.jpg","url":"https:\/\/www.kabelko.cz\/wp-content\/uploads\/zivstyl1_5.jpg","height":0,"width":0},"url":"https:\/\/www.kabelko.cz\/proc-se-zivotni-styl-v-ruznych-zemich-lisi\/","about":["\u017divotn\u00ed styl"],"wordCount":829,"articleBody":"Nemus&Atilde;&shy;te b&Atilde;&frac12;t zrovna velc&Atilde;&shy; cestovatel&Atilde;&copy;, abyste v&Auml;&#8250;d&Auml;&#8250;li, &Aring;&frac34;e se r&Aring;&macr;zn&Atilde;&copy; zem&Auml;&#8250; od sebe li&Aring;&iexcl;&Atilde;&shy;, a to jak svou kulturou a zvyky, tak i &Aring;&frac34;ivotn&Atilde;&shy;m stylem, kter&Atilde;&frac12; je tam b&Auml;&#8250;&Aring;&frac34;n&Atilde;&frac12;. To je n&Auml;&#8250;co, co bereme t&Atilde;&copy;m&Auml;&#8250;&Aring;&#8482; jako samoz&Aring;&#8482;ejmost. Proto se tak&Atilde;&copy; p&Aring;&#8482;&Atilde;&shy;li&Aring;&iexcl; nezam&Atilde;&frac12;&Aring;&iexcl;l&Atilde;&shy;me nad t&Atilde;&shy;m, &Auml;&Atilde;&shy;m je to zp&Aring;&macr;sobeno. P&Aring;&#8482;&Atilde;&shy;&Auml;iny tohoto jevu jsou v&Aring;&iexcl;ak pom&Auml;&#8250;rn&Auml;&#8250; zaj&Atilde;&shy;mav&Atilde;&copy;.&Acirc;&nbsp;V&Acirc;&nbsp;prvn&Atilde;&shy; &Aring;&#8482;ad&Auml;&#8250; zde m&Atilde;&iexcl;me p&Aring;&#8482;izp&Aring;&macr;soben&Atilde;&shy; m&Atilde;&shy;stn&Atilde;&shy;m podm&Atilde;&shy;nk&Atilde;&iexcl;m. To m&Aring;&macr;&Aring;&frac34;eme nejl&Atilde;&copy;pe ilustrovat nap&Aring;&#8482;&Atilde;&shy;klad na zem&Atilde;&shy;ch, jako jsou &Aring;&nbsp;pan&Auml;&#8250;lsko &Auml;i It&Atilde;&iexcl;lie, kter&Atilde;&copy; maj&Atilde;&shy; p&Aring;&#8482;es poledne siestu, av&Aring;&iexcl;ak otev&Aring;&#8482;eno maj&Atilde;&shy; a&Aring;&frac34; dlouho do noci. Tento zvyk p&Aring;&macr;vodn&Auml;&#8250; vznikl proto, aby lid&Atilde;&copy; nemuseli pracovat v&Acirc;&nbsp;tom nejv&Auml;&#8250;t&Aring;&iexcl;&Atilde;&shy;m &Aring;&frac34;&Atilde;&iexcl;ru, kter&Atilde;&frac12; je pr&Atilde;&iexcl;v&Auml;&#8250; v&Acirc;&nbsp;t&Auml;&#8250;chto oblastech velmi intenzivn&Atilde;&shy;.&Acirc;&nbsp;&Acirc;&nbsp;Faktorem je tak&Atilde;&copy; historie. Pokud nap&Aring;&#8482;&Atilde;&shy;klad n&Auml;&#8250;jak&Atilde;&frac12; n&Atilde;&iexcl;rod dan&Atilde;&copy; &Atilde;&ordm;zem&Atilde;&shy; dobyl, velmi pravd&Auml;&#8250;podobn&Auml;&#8250; do n&Auml;&#8250;j p&Aring;&#8482;enesl i sv&Atilde;&copy; zvyky, kter&Atilde;&copy; se zde posl&Atilde;&copy;ze adaptovali, a&Aring;&frac34; je m&Atilde;&shy;stn&Atilde;&shy; obyvatel&Atilde;&copy;, kte&Aring;&#8482;&Atilde;&shy; zde dnes &Aring;&frac34;ij&Atilde;&shy;, p&Aring;&#8482;ijali za sv&Atilde;&copy;.&Acirc;&nbsp;D&Aring;&macr;le&Aring;&frac34;it&Atilde;&iexcl; je i p&Aring;&macr;vodn&Atilde;&shy; kultura lid&Atilde;&shy; dan&Atilde;&copy;ho &Atilde;&ordm;zem&Atilde;&shy;. Byli to sp&Atilde;&shy;&Aring;&iexcl;e nom&Atilde;&iexcl;di, nebo zem&Auml;&#8250;d&Auml;&#8250;lci? &Aring;&frac12;ivili se p&Aring;&#8482;edev&Aring;&iexcl;&Atilde;&shy;m lovem vysok&Atilde;&copy; zv&Auml;&#8250;&Aring;&#8482;e, nebo ryba&Aring;&#8482;en&Atilde;&shy;m? To v&Aring;&iexcl;e do zna&Auml;n&Atilde;&copy; m&Atilde;&shy;ry ovliv&Aring;&#710;uje i sou&Auml;asn&Atilde;&frac12; &Aring;&frac34;ivotn&Atilde;&shy; styl obyvatel, a je pravdou, &Aring;&frac34;e takov&Atilde;&iexcl;to diverzita m&Aring;&macr;&Aring;&frac34;e b&Atilde;&frac12;t osv&Auml;&#8250;&Aring;&frac34;uj&Atilde;&shy;c&Atilde;&shy;.&Acirc;&nbsp;&Acirc;&nbsp;Zde je v&Aring;&iexcl;ak pot&Aring;&#8482;eba se pt&Atilde;&iexcl;t, zda tomu tak bude i nad&Atilde;&iexcl;le, zvl&Atilde;&iexcl;&Aring;&iexcl;t&Auml;&#8250; ve sv&Auml;&#8250;tle postupuj&Atilde;&shy;c&Atilde;&shy; globalizace. Ji&Aring;&frac34; dnes m&Aring;&macr;&Aring;&frac34;eme toti&Aring;&frac34; vid&Auml;&#8250;t, &Aring;&frac34;e zvyky se pomalu sjednocuj&Atilde;&shy;, a lid&Atilde;&copy; za&Auml;&Atilde;&shy;naj&Atilde;&shy; vyzn&Atilde;&iexcl;vat stejn&Atilde;&copy; hodnoty i preferovan&Atilde;&frac12; &Aring;&frac34;ivotn&Atilde;&shy; styl.&Acirc;&nbsp;Pokud se na sou&Auml;asn&Atilde;&copy; situaci n&Auml;&#8250;co nezm&Auml;&#8250;n&Atilde;&shy;, je velmi pravd&Auml;&#8250;podobn&Atilde;&copy;, &Aring;&frac34;e b&Auml;&#8250;hem p&Aring;&#8482;&Atilde;&shy;&Aring;&iexcl;t&Atilde;&shy;ch sta let jednotliv&Atilde;&copy; kultury a zp&Aring;&macr;soby &Aring;&frac34;ivota zaniknou, a bude existovat jen jeden, kter&Atilde;&frac12; budou vyzn&Atilde;&iexcl;vat v&Aring;&iexcl;ichni lid&Atilde;&copy;, bez ohledu na to, odkud jsou.&Acirc;&nbsp;To, zda je to dob&Aring;&#8482;e &Auml;i &Aring;&iexcl;patn&Auml;&#8250;, je ot&Atilde;&iexcl;zka. Faktem v&Aring;&iexcl;ak je, &Aring;&frac34;e se tomu s&Acirc;&nbsp;nejv&Auml;&#8250;t&Aring;&iexcl;&Atilde;&shy; pravd&Auml;&#8250;podobnost&Atilde;&shy; nevyhneme. A to je &Aring;&iexcl;koda, nebo&Aring;&yen; lid&Atilde;&copy; tak ztrat&Atilde;&shy; n&Auml;&#8250;co ze sv&Atilde;&copy; unik&Atilde;&iexcl;tnosti. Ka&Aring;&frac34;d&Atilde;&frac12; zp&Aring;&macr;sob &Aring;&frac34;ivota, bez ohledu na to, jak odli&Aring;&iexcl;n&Atilde;&frac12;, n&Atilde;&iexcl;m toti&Aring;&frac34; m&Aring;&macr;&Aring;&frac34;e n&Auml;&#8250;co d&Atilde;&iexcl;t.                                                                                                                                                                                                                                                                                                                                                                                        4\/5 - (5 votes)        "},{"@context":"https:\/\/schema.org\/","@type":"BreadcrumbList","itemListElement":[{"@type":"ListItem","position":1,"name":"Pro\u010d se \u017eivotn\u00ed styl v r\u016fzn\u00fdch zem\u00edch li\u0161\u00ed?","item":"https:\/\/www.kabelko.cz\/proc-se-zivotni-styl-v-ruznych-zemich-lisi\/#breadcrumbitem"}]}]