[{"@context":"https:\/\/schema.org\/","@type":"Article","@id":"https:\/\/www.kabelko.cz\/pripomente-vasim-detem-morskou-plaz\/#Article","mainEntityOfPage":"https:\/\/www.kabelko.cz\/pripomente-vasim-detem-morskou-plaz\/","headline":"P\u0159ipome\u0148te va\u0161im d\u011btem mo\u0159skou pl\u00e1\u017e","name":"P\u0159ipome\u0148te va\u0161im d\u011btem mo\u0159skou pl\u00e1\u017e","description":"Byli jste s va\u0161imi d\u011btmi n\u011bkdy na dovolen\u00e9 u mo\u0159e, nebo alespo\u0148 v tuzemsku u n\u011bjak\u00e9ho p\u0159\u00edrodn\u00edho rezervo\u00e1ru na koup\u00e1n\u00ed s p\u00edse\u010dnou pl\u00e1\u017e\u00ed? M\u00e1te-li v mysli st\u00e1le ukryt\u00e9 kr\u00e1sn\u00e9 vzpom\u00ednky na toto \u017eivotn\u00ed obdob\u00ed, m\u016f\u017ee si jej navz\u00e1jem p\u0159ipomenout nap\u0159\u00edklad t\u00edm, \u017ee po\u0159\u00edd\u00edte d\u011btem na zahradu d\u011btsk\u00e9 p\u00edskovi\u0161t\u011b s krytem. Pro\u010d s krytem \u2013 p\u00edskovi\u0161t\u011b [&hellip;]","datePublished":"2023-09-20","dateModified":"2023-10-23","author":{"@type":"Person","@id":"https:\/\/www.kabelko.cz\/author\/#Person","name":"","url":"https:\/\/www.kabelko.cz\/author\/","identifier":1,"image":{"@type":"ImageObject","@id":"https:\/\/secure.gravatar.com\/avatar\/b284045843c408c62f17f24f06fc21877cb3f3f5d67c24728f73b54e3c5ca1db?s=96&d=mm&r=g","url":"https:\/\/secure.gravatar.com\/avatar\/b284045843c408c62f17f24f06fc21877cb3f3f5d67c24728f73b54e3c5ca1db?s=96&d=mm&r=g","height":96,"width":96}},"publisher":{"@type":"Organization","name":"kabelko.cz","logo":{"@type":"ImageObject","@id":"\/logo.png","url":"\/logo.png","width":600,"height":60}},"image":{"@type":"ImageObject","@id":"https:\/\/www.kabelko.cz\/wp-content\/uploads\/children-1730248_640_1.jpg","url":"https:\/\/www.kabelko.cz\/wp-content\/uploads\/children-1730248_640_1.jpg","height":0,"width":0},"url":"https:\/\/www.kabelko.cz\/pripomente-vasim-detem-morskou-plaz\/","about":["Zbo\u017e\u00ed"],"wordCount":449,"articleBody":"   Byli jste s va\u0161imi d\u011btmi n\u011bkdy na dovolen\u00e9 u mo\u0159e, nebo alespo\u0148 v tuzemsku u n\u011bjak\u00e9ho p\u0159\u00edrodn\u00edho rezervo\u00e1ru na koup\u00e1n\u00ed s p\u00edse\u010dnou pl\u00e1\u017e\u00ed? M\u00e1te-li v mysli st\u00e1le ukryt\u00e9 kr\u00e1sn\u00e9 vzpom\u00ednky na toto \u017eivotn\u00ed obdob\u00ed, m\u016f\u017ee si jej navz\u00e1jem p\u0159ipomenout nap\u0159\u00edklad t\u00edm, \u017ee po\u0159\u00edd\u00edte d\u011btem na zahradu d\u011btsk\u00e9 p\u00edskovi\u0161t\u011b s krytem.Pro\u010d s krytem \u2013 p\u00edskovi\u0161t\u011b je v\u00fdhodn\u011bj\u0161\u00ed opat\u0159it krytem z n\u011bkolika d\u016fvod\u016f. Za prv\u00e9 se tu bude m\u00e9n\u011b pr\u00e1\u0161it, t\u00edm p\u00e1dem bude p\u00edsek \u010dist\u0161\u00ed a m\u00e9n\u011b kontaminovan\u00fd prachov\u00fdm spadem z ovzdu\u0161\u00ed, co\u017e je d\u016fle\u017eit\u00e9 hlavn\u011b ve m\u011bstech. Za druh\u00e9 v\u00e1m nebude p\u00edsek odn\u00e1\u0161et d\u00e9\u0161\u0165, kter\u00fd dok\u00e1\u017ee vyplavit z tohoto prostoru i v\u011bt\u0161\u00ed mno\u017estv\u00ed p\u00edse\u010dn\u00fdch zrnek. A za t\u0159et\u00ed kryt zabr\u00e1n\u00ed voln\u011b pob\u00edhaj\u00edc\u00edm ko\u010dk\u00e1m, aby si z d\u011btsk\u00e9ho p\u00edskovi\u0161t\u011b s krytem ud\u011blaly z\u00e1chodek.P\u00edsek je balz\u00e1m na nervov\u00e1 vl\u00e1kna \u2013 o n\u011bkter\u00fdch d\u011btsk\u00fdch hra\u010dk\u00e1ch se tvrd\u00ed, \u017ee podporuj\u00ed jemnou d\u011btskou motoriku, a \u017ee sv\u00fdm p\u016fsoben\u00edm vytv\u00e1\u0159\u00ed d\u011btem dobr\u00e9 p\u0159edpoklady pro osobn\u00ed rozvoj a r\u016fst s v\u00fdhledem do budoucna \u2013 do dosp\u011blosti. To je pravda a do t\u00e9to kategorie lze za\u0159adit i docela oby\u010dejn\u00e9 p\u00edskovit\u011b. Jemn\u00fd p\u00edsek velice p\u0159\u00edzniv\u011b p\u016fsob\u00ed na nervov\u00e1 zakon\u010den\u00ed dlan\u00ed, \u010d\u00edm\u017e krom\u011b formov\u00e1n\u00ed citlivosti rukou a obratnosti tak\u00e9 napom\u00e1h\u00e1 psychick\u00e9mu rozvoji osobnosti. Je zn\u00e1mo, \u017ee kdo si hraje pravideln\u011b na p\u00edsku, vytr\u00e1c\u00ed se u n\u011bj n\u00e1b\u011bh na depresivn\u00ed \u010di dokonce agresivn\u00ed chov\u00e1n\u00ed. Samoz\u0159ejm\u011b je vhodn\u00e9 toto podpo\u0159it spr\u00e1vnou \u017eivotospr\u00e1vou.Nervov\u00e1 vl\u00e1kna na chodidlech \u2013 kdy\u017e u\u017e tu padla zm\u00ednka o nervov\u00fdch vl\u00e1knech, obrovsk\u00fd po\u010det jich nalezneme zejm\u00e9na na chodidlech. Umo\u017en\u011bte d\u011btem (a t\u0159eba i sob\u011b) hru na p\u00edsku naboso. Je to velmi zdrav\u00e9, prosp\u011b\u0161n\u00e9 pro vnit\u0159n\u00ed org\u00e1ny, ale pr\u00e1v\u011b i na psychiku, a to v je\u0161t\u011b v\u011bt\u0161\u00edm rozsahu, ne\u017e u hry s p\u00edskem v dlan\u00edch. T\u00edmto zp\u016fsobem si m\u016f\u017eete p\u0159ipomenout i v\u00e1\u0161 pobyt u mo\u0159e nebo t\u0159eba u M\u00e1chova jezera, kde jste se po p\u00edse\u010dn\u00e9 pl\u00e1\u017ei proch\u00e1zeli naboso, a u\u017e\u00edvali si tu b\u00e1je\u010dnou atmosf\u00e9ru vodn\u00edho sv\u011bta.                                                                                                                                                                                                                                                                                                                                                                                          4\/5 - (13 votes)        "},{"@context":"https:\/\/schema.org\/","@type":"BreadcrumbList","itemListElement":[{"@type":"ListItem","position":1,"name":"P\u0159ipome\u0148te va\u0161im d\u011btem mo\u0159skou pl\u00e1\u017e","item":"https:\/\/www.kabelko.cz\/pripomente-vasim-detem-morskou-plaz\/#breadcrumbitem"}]}]