[{"@context":"https:\/\/schema.org\/","@type":"Article","@id":"https:\/\/www.kabelko.cz\/mate-schody-do-patra\/#Article","mainEntityOfPage":"https:\/\/www.kabelko.cz\/mate-schody-do-patra\/","headline":"M\u00e1te schody do patra?","name":"M\u00e1te schody do patra?","description":"Schody jsou d\u016fle\u017eitou sou\u010d\u00e1st\u00ed patrov\u00fdch dom\u016f. Bez schodi\u0161t\u011b se do patra dostanete leda tak po \u017eeb\u0159\u00edku. Abyste mohli pln\u011b a pohodln\u011b vyu\u017e\u00edvat ob\u011b patra domu, pot\u0159ebujete schody, kter\u00e9 budou spl\u0148ovat v\u0161echny bezpe\u010dnostn\u00ed p\u0159edpisy. Kdo nen\u00ed od \u0159emesla, ten \u010dasto netu\u0161\u00ed, co v\u0161echno mus\u00ed schody spl\u0148ovat. A nen\u00ed toho m\u00e1lo. Mus\u00ed m\u00edt ur\u010dit\u00fd sp\u00e1d, pot\u0159ebnou v\u00fd\u0161ku [&hellip;]","datePublished":"2023-08-27","dateModified":"2023-09-29","author":{"@type":"Person","@id":"https:\/\/www.kabelko.cz\/author\/#Person","name":"","url":"https:\/\/www.kabelko.cz\/author\/","identifier":1,"image":{"@type":"ImageObject","@id":"https:\/\/secure.gravatar.com\/avatar\/b284045843c408c62f17f24f06fc21877cb3f3f5d67c24728f73b54e3c5ca1db?s=96&d=mm&r=g","url":"https:\/\/secure.gravatar.com\/avatar\/b284045843c408c62f17f24f06fc21877cb3f3f5d67c24728f73b54e3c5ca1db?s=96&d=mm&r=g","height":96,"width":96}},"publisher":{"@type":"Organization","name":"kabelko.cz","logo":{"@type":"ImageObject","@id":"\/logo.png","url":"\/logo.png","width":600,"height":60}},"image":{"@type":"ImageObject","@id":"https:\/\/www.kabelko.cz\/wp-content\/uploads\/pexels-movoyagee-2413661.jpg","url":"https:\/\/www.kabelko.cz\/wp-content\/uploads\/pexels-movoyagee-2413661.jpg","height":0,"width":0},"url":"https:\/\/www.kabelko.cz\/mate-schody-do-patra\/","about":["Zbo\u017e\u00ed"],"wordCount":422,"articleBody":"       Schody jsou d\u016fle\u017eitou sou\u010d\u00e1st\u00ed patrov\u00fdch dom\u016f. Bez schodi\u0161t\u011b se do patra dostanete leda tak po \u017eeb\u0159\u00edku. Abyste mohli pln\u011b a pohodln\u011b vyu\u017e\u00edvat ob\u011b patra domu, pot\u0159ebujete schody, kter\u00e9 budou spl\u0148ovat v\u0161echny bezpe\u010dnostn\u00ed p\u0159edpisy. Kdo nen\u00ed od \u0159emesla, ten \u010dasto netu\u0161\u00ed, co v\u0161echno mus\u00ed schody spl\u0148ovat. A nen\u00ed toho m\u00e1lo. Mus\u00ed m\u00edt ur\u010dit\u00fd sp\u00e1d, pot\u0159ebnou v\u00fd\u0161ku n\u00e1\u0161lapu i \u0161\u00ed\u0159ku cel\u00e9ho schodu. A samoz\u0159ejm\u011b u n\u011bho mus\u00ed b\u00fdt z\u00e1bradl\u00ed. Pokud by va\u0161e schody n\u011bco z toho nespl\u0148ovaly, stavebn\u00ed \u00fa\u0159ad v\u00e1m d\u016fm nezkolauduje.Chcete kr\u00e1sn\u00e9 schody? Pokud m\u00e1te v dom\u011b dostatek prostoru na velk\u00e9 schody, m\u016f\u017eete z nich snadno ud\u011blat centr\u00e1ln\u00ed prvek domu. Schody mohou b\u00fdt opravdu \u0161irok\u00e9, tak\u017ee je m\u016f\u017eete vyu\u017e\u00edt i jako m\u011bsto pro dekorace \u010di jako \u00falo\u017en\u00fd prostor. V\u017edy mus\u00edte p\u0159edem myslet na to k \u010demu schody chcete vyu\u017e\u00edt, a podle toho si zvolit spr\u00e1vn\u00fd typ. Existuje spousta druh\u016f schod\u016f. Nap\u0159\u00edklad zd\u011bn\u00e9 se \u010dasto vyu\u017e\u00edvaj\u00ed k vybudov\u00e1n\u00ed n\u011bjak\u00e9 sp\u00ed\u0161e pod schody a samonosn\u00e9 schody jsou sp\u00ed\u0161e designov\u00fdm prvkem.Krom\u011b schod\u016f ur\u010dit\u011b mus\u00edte myslet i na to, jak\u00fd typ z\u00e1bradl\u00ed si nech\u00e1te vyrobit. I zde m\u00e1te pom\u011brn\u011b volnou ruku ve v\u00fdb\u011bru, proto\u017ee existuje spousta materi\u00e1l\u016f a jejich kombinace. M\u016f\u017eete si u n\u00e1s nechat vyrobit ocelov\u00e9 z\u00e1bradl\u00ed, kter\u00e9 se d\u00e1 kombinovat se sklem nebo se d\u0159evem, oboje se d\u00e1 vymyslet r\u016fzn\u011b, a nemus\u00edte m\u00edt oby\u010dejn\u00e9 nudn\u00e9 z\u00e1bradl\u00ed. V na\u0161\u00ed nab\u00eddce najdete i sklen\u011bn\u00e9 z\u00e1bradl\u00ed, kter\u00e9 se doporu\u010duje sp\u00ed\u0161e lidem, kte\u0159\u00ed necht\u011bj\u00ed spoustu \u010dasu tr\u00e1vit \u00faklidem. Pokud m\u00e1te mal\u00e9 d\u011bti, sklo budete le\u0161tit po\u0159\u00e1d. Nev\u00edte co by se v\u00e1m l\u00edbilo? Prohl\u00e9dn\u011bte si fotografie n\u00e1mi realizovan\u00fdch z\u00e1bradl\u00ed. Vyr\u00e1b\u00edme je nejen na schody, ale t\u0159eba i k francouzsk\u00fdm okn\u016fm.U sklen\u011bn\u00e9ho z\u00e1bradl\u00ed je ta v\u00fdhoda, \u017ee se d\u00e1 ud\u011blat nejen v \u010dir\u00e9 variant\u011b, ale i v barevn\u00fdch proveden\u00edch. Ur\u010dit\u011b je pot\u0159eba nezapom\u00ednat na z\u00e1brany  https:\/\/www.dtest.cz\/clanek-4200\/jak-vybrat-detskou-bezpecnostni-zabranu na schody, kter\u00e9 zabezpe\u010d\u00ed schodi\u0161t\u011b p\u0159ed p\u00e1dem ps\u016f a mal\u00fdch d\u011bt\u00ed.                                                                                                                                                                                                                                                                                                                                                                                          4.5\/5 - (4 votes)        "},{"@context":"https:\/\/schema.org\/","@type":"BreadcrumbList","itemListElement":[{"@type":"ListItem","position":1,"name":"M\u00e1te schody do patra?","item":"https:\/\/www.kabelko.cz\/mate-schody-do-patra\/#breadcrumbitem"}]}]