[{"@context":"https:\/\/schema.org\/","@type":"Article","@id":"https:\/\/www.kabelko.cz\/skvely-stan\/#Article","mainEntityOfPage":"https:\/\/www.kabelko.cz\/skvely-stan\/","headline":"Skv\u011bl\u00fd stan","name":"Skv\u011bl\u00fd stan","description":"Tak\u00e9 pat\u0159\u00edte k t\u011bm lidem, kte\u0159\u00ed maj\u00ed r\u00e1di z\u00e1bavu? Pokud ano, tak se gratuluji, proto\u017ee jsem sly\u0161ela, \u017ee hodn\u011b ak\u010dn\u00ed a pozitivn\u00ed lid\u00e9 \u017eij\u00ed dlouho a maj\u00ed \u0161\u0165astn\u00fd \u017eivot. A j\u00e1 tohle mohu potvrdit. Proto\u017ee j\u00e1 pat\u0159\u00edm tak\u00e9 k t\u011bm lidem, kte\u0159\u00ed se st\u00e1le jenom bav\u00ed a kte\u0159\u00ed by st\u00e1le byli jenom na n\u011bjak\u00e9 oslav\u011b [&hellip;]","datePublished":"2023-03-28","dateModified":"2023-03-28","author":{"@type":"Person","@id":"https:\/\/www.kabelko.cz\/author\/#Person","name":"","url":"https:\/\/www.kabelko.cz\/author\/","identifier":1,"image":{"@type":"ImageObject","@id":"https:\/\/secure.gravatar.com\/avatar\/b284045843c408c62f17f24f06fc21877cb3f3f5d67c24728f73b54e3c5ca1db?s=96&d=mm&r=g","url":"https:\/\/secure.gravatar.com\/avatar\/b284045843c408c62f17f24f06fc21877cb3f3f5d67c24728f73b54e3c5ca1db?s=96&d=mm&r=g","height":96,"width":96}},"publisher":{"@type":"Organization","name":"kabelko.cz","logo":{"@type":"ImageObject","@id":"\/logo.png","url":"\/logo.png","width":600,"height":60}},"image":{"@type":"ImageObject","@id":"https:\/\/www.kabelko.cz\/wp-content\/uploads\/camping-3893587_960_720.jpg","url":"https:\/\/www.kabelko.cz\/wp-content\/uploads\/camping-3893587_960_720.jpg","height":0,"width":0},"url":"https:\/\/www.kabelko.cz\/skvely-stan\/","about":["Zbo\u017e\u00ed"],"wordCount":420,"articleBody":"      Tak\u00e9 pat\u0159\u00edte k t\u011bm lidem, kte\u0159\u00ed maj\u00ed r\u00e1di z\u00e1bavu? Pokud ano, tak se gratuluji, proto\u017ee jsem sly\u0161ela, \u017ee hodn\u011b ak\u010dn\u00ed a pozitivn\u00ed lid\u00e9 \u017eij\u00ed dlouho a maj\u00ed \u0161\u0165astn\u00fd \u017eivot. A j\u00e1 tohle mohu potvrdit. Proto\u017ee j\u00e1 pat\u0159\u00edm tak\u00e9 k t\u011bm lidem, kte\u0159\u00ed se st\u00e1le jenom bav\u00ed a kte\u0159\u00ed by st\u00e1le byli jenom na n\u011bjak\u00e9 oslav\u011b anebo p\u00e1rty. J\u00e1 sama jsem v\u017edycky cht\u011bla pracovat pro n\u011bjakou firmu, kde bych t\u0159eba po\u0159\u00e1dala r\u016fzn\u00e9 ve\u010d\u00edrky anebo oslavy, klidn\u011b i svatby. A tak se mi nedivte, \u017ee kdy\u017e jsme m\u011bli v na\u0161\u00ed firm\u011b n\u011bjakou firemn\u00ed oslavu nebo firemn\u00ed p\u00e1rty, tak jsem se opravdu t\u011b\u0161ila a byla jsem v sedm\u00e9m nebi. Komu by se to taky nel\u00edbilo, kdyby mohl j\u00edt n\u011bkdo na n\u011bjakou velikou p\u00e1rty, kde jsou velmi p\u0159\u00edjemn\u00ed lid\u00e9, a je\u0161t\u011b by se mohl zadarmo nap\u00edt a naj\u00edst? J\u00e1 nejsem vy\u017e\u00edrka, jak si mysl\u00edte, ale \u0161lo m\u011b hlavn\u011b o z\u00e1bavu, m\u011b p\u00e1rty a tak podobn\u011b prost\u011b bav\u00ed, jsem hodn\u011b spole\u010densk\u00e1 osoba. A potom, kdy\u017e mi moje sestra \u0159ekla, \u017ee by taky cht\u011bla uspo\u0159\u00e1dat u sebe na zahrad\u011b n\u011bjakou velkou oslavu, tak jsem j\u00ed \u0159ekla, \u017ee to klidn\u011b za\u0159\u00edd\u00edm, \u017ee m\u011b to bav\u00ed. A tak jsem sest\u0159e tak\u00e9 \u0159ekla, jestli m\u00e1 doma n\u011bjak\u00fd p\u00e1rty stan. Proto\u017ee podle m\u00e9ho n\u00e1zoru se p\u00e1rty stan opravdu v\u017edycky hod\u00ed na ka\u017edou p\u00e1rty, kdy\u017e je tam velik\u00e1 zahrada a je pozv\u00e1no n\u011bkolik host\u016f. Podle m\u00e9ho n\u00e1zoru p\u00e1rty stan se tak\u00e9 vyplat\u00ed, pokud m\u00e1te velikou zahradu a chcete tak\u00e9 p\u00e1rty stan potom vyu\u017e\u00edvat i na n\u011bco jin\u00e9ho, ne\u017e jenom na oslavu nebo p\u00e1rty. A co t\u0159eba do p\u00e1rty stan\u016f schovat tak\u00e9 seka\u010dku na tr\u00e1vu anebo zahradn\u00ed n\u00e1bytek? V\u011b\u0159te mi, \u017ee tento p\u00e1rty stan nemus\u00ed b\u00fdt zrovna na oslavu, ale tak\u00e9 jako \u00faschovna r\u016fzn\u00e9ho zbo\u017e\u00ed anebo dal\u0161\u00edch v\u011bc\u00ed, kter\u00e9 zrovna nechcete pou\u017e\u00edvat a venku pr\u0161\u00ed. P\u00e1rty stan Tentino m\u00e1 opravdu velkou \u0161k\u00e1lu vyu\u017eit\u00ed a mysl\u00edm si, \u017ee i vy byste p\u0159i\u0161li na n\u011bco, jak by jste tohle v\u0161echno nejl\u00e9pe vyu\u017eili. Uvid\u00edte, \u017ee p\u00e1rty stan bude pro v\u00e1s skv\u011bl\u00e1 volba.   "},{"@context":"https:\/\/schema.org\/","@type":"BreadcrumbList","itemListElement":[{"@type":"ListItem","position":1,"name":"Skv\u011bl\u00fd stan","item":"https:\/\/www.kabelko.cz\/skvely-stan\/#breadcrumbitem"}]}]